{"id":2060,"date":"2021-01-30T17:04:09","date_gmt":"2021-01-30T17:04:09","guid":{"rendered":"http:\/\/www.lesferfadettes.fr\/?p=2060"},"modified":"2022-04-16T18:14:09","modified_gmt":"2022-04-16T18:14:09","slug":"geobidule","status":"publish","type":"post","link":"https:\/\/www.lesferfadettes.fr\/?p=2060","title":{"rendered":"G\u00e9obidule"},"content":{"rendered":"\n<p>Allez, on se lance dans les petites cr\u00e9ations&#8230;<\/p>\n\n\n\n<p>Voici G\u00e9obidule, personnage atypique mais n\u00e9anmoins sympathique&#8230;<br>Mais non, il n&rsquo;a pas la grosse t\u00eate&#8230;<\/p>\n\n\n\n<figure class=\"wp-block-gallery has-nested-images columns-default is-cropped wp-block-gallery-1 is-layout-flex wp-block-gallery-is-layout-flex\">\n<figure class=\"wp-block-image size-large\"><a href=\"https:\/\/www.lesferfadettes.fr\/wp-content\/uploads\/2021\/01\/sr-004.jpg\"><img loading=\"lazy\" decoding=\"async\" width=\"1000\" height=\"763\" data-id=\"2061\" src=\"https:\/\/www.lesferfadettes.fr\/wp-content\/uploads\/2021\/01\/sr-004.jpg\" alt=\"\" class=\"wp-image-2061\" srcset=\"https:\/\/www.lesferfadettes.fr\/wp-content\/uploads\/2021\/01\/sr-004.jpg 1000w, https:\/\/www.lesferfadettes.fr\/wp-content\/uploads\/2021\/01\/sr-004-300x229.jpg 300w, https:\/\/www.lesferfadettes.fr\/wp-content\/uploads\/2021\/01\/sr-004-768x586.jpg 768w\" sizes=\"auto, (max-width: 1000px) 100vw, 1000px\" \/><\/a><\/figure>\n<\/figure>\n\n\n\n<p class=\"has-text-align-center\">G\u00e9obidule<br><strong>H30cm &#8211; Vendue !<\/strong><\/p>\n","protected":false},"excerpt":{"rendered":"<p>Allez, on se lance dans les petites cr\u00e9ations&#8230; Voici G\u00e9obidule, personnage atypique mais n\u00e9anmoins sympathique&#8230;Mais non, il n&rsquo;a pas la grosse t\u00eate&#8230; G\u00e9obiduleH30cm &#8211; Vendue !<\/p>\n","protected":false},"author":1,"featured_media":0,"comment_status":"open","ping_status":"open","sticky":false,"template":"","format":"standard","meta":{"ngg_post_thumbnail":0,"footnotes":""},"categories":[71],"tags":[68,60,17,78,59,38,42],"class_list":["post-2060","post","type-post","status-publish","format-standard","hentry","category-sculptures","tag-art-recup","tag-cafetiere","tag-couvert","tag-globe","tag-inox","tag-nicole-benichou","tag-recuperation"],"_links":{"self":[{"href":"https:\/\/www.lesferfadettes.fr\/index.php?rest_route=\/wp\/v2\/posts\/2060","targetHints":{"allow":["GET"]}}],"collection":[{"href":"https:\/\/www.lesferfadettes.fr\/index.php?rest_route=\/wp\/v2\/posts"}],"about":[{"href":"https:\/\/www.lesferfadettes.fr\/index.php?rest_route=\/wp\/v2\/types\/post"}],"author":[{"embeddable":true,"href":"https:\/\/www.lesferfadettes.fr\/index.php?rest_route=\/wp\/v2\/users\/1"}],"replies":[{"embeddable":true,"href":"https:\/\/www.lesferfadettes.fr\/index.php?rest_route=%2Fwp%2Fv2%2Fcomments&post=2060"}],"version-history":[{"count":3,"href":"https:\/\/www.lesferfadettes.fr\/index.php?rest_route=\/wp\/v2\/posts\/2060\/revisions"}],"predecessor-version":[{"id":2120,"href":"https:\/\/www.lesferfadettes.fr\/index.php?rest_route=\/wp\/v2\/posts\/2060\/revisions\/2120"}],"wp:attachment":[{"href":"https:\/\/www.lesferfadettes.fr\/index.php?rest_route=%2Fwp%2Fv2%2Fmedia&parent=2060"}],"wp:term":[{"taxonomy":"category","embeddable":true,"href":"https:\/\/www.lesferfadettes.fr\/index.php?rest_route=%2Fwp%2Fv2%2Fcategories&post=2060"},{"taxonomy":"post_tag","embeddable":true,"href":"https:\/\/www.lesferfadettes.fr\/index.php?rest_route=%2Fwp%2Fv2%2Ftags&post=2060"}],"curies":[{"name":"wp","href":"https:\/\/api.w.org\/{rel}","templated":true}]}}