{"id":2645,"date":"2026-03-15T14:33:25","date_gmt":"2026-03-15T14:33:25","guid":{"rendered":"https:\/\/www.lesferfadettes.fr\/?p=2645"},"modified":"2026-03-18T11:07:07","modified_gmt":"2026-03-18T11:07:07","slug":"tiens-voila-lprintemps","status":"publish","type":"post","link":"https:\/\/www.lesferfadettes.fr\/?p=2645","title":{"rendered":"Tiens voil\u00e0 l\u2019printemps !"},"content":{"rendered":"\n<p>Le soleil arrive doucement, les premi\u00e8res fleurs apparaissent et \u00e7a attire les papillons.<\/p>\n\n\n\n<p>\u00c7a fait un bien fou !<\/p>\n\n\n<div class=\"wp-block-image\">\n<figure class=\"aligncenter size-large\"><img loading=\"lazy\" decoding=\"async\" width=\"1500\" height=\"2000\" src=\"https:\/\/www.lesferfadettes.fr\/wp-content\/uploads\/2026\/03\/img_7778.jpg\" alt=\"\" class=\"wp-image-2640\" srcset=\"https:\/\/www.lesferfadettes.fr\/wp-content\/uploads\/2026\/03\/img_7778.jpg 1500w, https:\/\/www.lesferfadettes.fr\/wp-content\/uploads\/2026\/03\/img_7778-225x300.jpg 225w, https:\/\/www.lesferfadettes.fr\/wp-content\/uploads\/2026\/03\/img_7778-768x1024.jpg 768w, https:\/\/www.lesferfadettes.fr\/wp-content\/uploads\/2026\/03\/img_7778-1152x1536.jpg 1152w\" sizes=\"auto, (max-width: 1500px) 100vw, 1500px\" \/><\/figure>\n<\/div>\n\n\n<p class=\"has-text-align-center\">\u2205<strong> 38 cm &#8211; 100\u20ac<\/strong><\/p>\n","protected":false},"excerpt":{"rendered":"<p>Le soleil arrive doucement, les premi\u00e8res fleurs apparaissent et \u00e7a attire les papillons. \u00c7a fait un bien fou ! \u2205 38 cm &#8211; 100\u20ac<\/p>\n","protected":false},"author":1,"featured_media":0,"comment_status":"closed","ping_status":"open","sticky":false,"template":"","format":"standard","meta":{"ngg_post_thumbnail":0,"footnotes":""},"categories":[9,69],"tags":[15,32,68,82,48,33,38,40,42],"class_list":["post-2645","post","type-post","status-publish","format-standard","hentry","category-pendules","category-non-vendu","tag-aluminium","tag-argent","tag-art-recup","tag-couverts","tag-fleur","tag-metal","tag-nicole-benichou","tag-pendule","tag-recuperation"],"_links":{"self":[{"href":"https:\/\/www.lesferfadettes.fr\/index.php?rest_route=\/wp\/v2\/posts\/2645","targetHints":{"allow":["GET"]}}],"collection":[{"href":"https:\/\/www.lesferfadettes.fr\/index.php?rest_route=\/wp\/v2\/posts"}],"about":[{"href":"https:\/\/www.lesferfadettes.fr\/index.php?rest_route=\/wp\/v2\/types\/post"}],"author":[{"embeddable":true,"href":"https:\/\/www.lesferfadettes.fr\/index.php?rest_route=\/wp\/v2\/users\/1"}],"replies":[{"embeddable":true,"href":"https:\/\/www.lesferfadettes.fr\/index.php?rest_route=%2Fwp%2Fv2%2Fcomments&post=2645"}],"version-history":[{"count":3,"href":"https:\/\/www.lesferfadettes.fr\/index.php?rest_route=\/wp\/v2\/posts\/2645\/revisions"}],"predecessor-version":[{"id":2651,"href":"https:\/\/www.lesferfadettes.fr\/index.php?rest_route=\/wp\/v2\/posts\/2645\/revisions\/2651"}],"wp:attachment":[{"href":"https:\/\/www.lesferfadettes.fr\/index.php?rest_route=%2Fwp%2Fv2%2Fmedia&parent=2645"}],"wp:term":[{"taxonomy":"category","embeddable":true,"href":"https:\/\/www.lesferfadettes.fr\/index.php?rest_route=%2Fwp%2Fv2%2Fcategories&post=2645"},{"taxonomy":"post_tag","embeddable":true,"href":"https:\/\/www.lesferfadettes.fr\/index.php?rest_route=%2Fwp%2Fv2%2Ftags&post=2645"}],"curies":[{"name":"wp","href":"https:\/\/api.w.org\/{rel}","templated":true}]}}