{"id":2648,"date":"2026-03-15T14:37:02","date_gmt":"2026-03-15T14:37:02","guid":{"rendered":"https:\/\/www.lesferfadettes.fr\/?p=2648"},"modified":"2026-03-15T14:37:02","modified_gmt":"2026-03-15T14:37:02","slug":"babar","status":"publish","type":"post","link":"https:\/\/www.lesferfadettes.fr\/?p=2648","title":{"rendered":"Babar"},"content":{"rendered":"\n<p>Du nouveau chez Les Ferfadettes. Voici Babar, notre mignon petit \u00e9l\u00e9phant. Une vraie lumi\u00e8re !<\/p>\n\n\n\n<figure class=\"wp-block-image size-large\"><img loading=\"lazy\" decoding=\"async\" width=\"1500\" height=\"2000\" src=\"https:\/\/www.lesferfadettes.fr\/wp-content\/uploads\/2026\/03\/img_7779.jpg\" alt=\"\" class=\"wp-image-2641\" srcset=\"https:\/\/www.lesferfadettes.fr\/wp-content\/uploads\/2026\/03\/img_7779.jpg 1500w, https:\/\/www.lesferfadettes.fr\/wp-content\/uploads\/2026\/03\/img_7779-225x300.jpg 225w, https:\/\/www.lesferfadettes.fr\/wp-content\/uploads\/2026\/03\/img_7779-768x1024.jpg 768w, https:\/\/www.lesferfadettes.fr\/wp-content\/uploads\/2026\/03\/img_7779-1152x1536.jpg 1152w\" sizes=\"auto, (max-width: 1500px) 100vw, 1500px\" \/><\/figure>\n\n\n\n<figure class=\"wp-block-image size-large\"><img loading=\"lazy\" decoding=\"async\" width=\"1500\" height=\"2000\" src=\"https:\/\/www.lesferfadettes.fr\/wp-content\/uploads\/2026\/03\/img_7780.jpg\" alt=\"\" class=\"wp-image-2639\" srcset=\"https:\/\/www.lesferfadettes.fr\/wp-content\/uploads\/2026\/03\/img_7780.jpg 1500w, https:\/\/www.lesferfadettes.fr\/wp-content\/uploads\/2026\/03\/img_7780-225x300.jpg 225w, https:\/\/www.lesferfadettes.fr\/wp-content\/uploads\/2026\/03\/img_7780-768x1024.jpg 768w, https:\/\/www.lesferfadettes.fr\/wp-content\/uploads\/2026\/03\/img_7780-1152x1536.jpg 1152w\" sizes=\"auto, (max-width: 1500px) 100vw, 1500px\" \/><figcaption class=\"wp-element-caption\"><strong>H 55cm &#8211; 300\u20ac<\/strong><\/figcaption><\/figure>\n","protected":false},"excerpt":{"rendered":"<p>Du nouveau chez Les Ferfadettes. Voici Babar, notre mignon petit \u00e9l\u00e9phant. Une vraie lumi\u00e8re !<\/p>\n","protected":false},"author":1,"featured_media":0,"comment_status":"closed","ping_status":"open","sticky":false,"template":"","format":"standard","meta":{"ngg_post_thumbnail":0,"footnotes":""},"categories":[71,1,69],"tags":[15,68,22,82,41,33,38,42],"class_list":["post-2648","post","type-post","status-publish","format-standard","hentry","category-sculptures","category-lampes","category-non-vendu","tag-aluminium","tag-art-recup","tag-bois","tag-couverts","tag-lampe","tag-metal","tag-nicole-benichou","tag-recuperation"],"_links":{"self":[{"href":"https:\/\/www.lesferfadettes.fr\/index.php?rest_route=\/wp\/v2\/posts\/2648","targetHints":{"allow":["GET"]}}],"collection":[{"href":"https:\/\/www.lesferfadettes.fr\/index.php?rest_route=\/wp\/v2\/posts"}],"about":[{"href":"https:\/\/www.lesferfadettes.fr\/index.php?rest_route=\/wp\/v2\/types\/post"}],"author":[{"embeddable":true,"href":"https:\/\/www.lesferfadettes.fr\/index.php?rest_route=\/wp\/v2\/users\/1"}],"replies":[{"embeddable":true,"href":"https:\/\/www.lesferfadettes.fr\/index.php?rest_route=%2Fwp%2Fv2%2Fcomments&post=2648"}],"version-history":[{"count":1,"href":"https:\/\/www.lesferfadettes.fr\/index.php?rest_route=\/wp\/v2\/posts\/2648\/revisions"}],"predecessor-version":[{"id":2649,"href":"https:\/\/www.lesferfadettes.fr\/index.php?rest_route=\/wp\/v2\/posts\/2648\/revisions\/2649"}],"wp:attachment":[{"href":"https:\/\/www.lesferfadettes.fr\/index.php?rest_route=%2Fwp%2Fv2%2Fmedia&parent=2648"}],"wp:term":[{"taxonomy":"category","embeddable":true,"href":"https:\/\/www.lesferfadettes.fr\/index.php?rest_route=%2Fwp%2Fv2%2Fcategories&post=2648"},{"taxonomy":"post_tag","embeddable":true,"href":"https:\/\/www.lesferfadettes.fr\/index.php?rest_route=%2Fwp%2Fv2%2Ftags&post=2648"}],"curies":[{"name":"wp","href":"https:\/\/api.w.org\/{rel}","templated":true}]}}